{"id":1458,"date":"2025-03-19T12:23:21","date_gmt":"2025-03-19T12:23:21","guid":{"rendered":"https:\/\/www.oravareitti.fi\/?p=1458"},"modified":"2025-03-19T12:30:19","modified_gmt":"2025-03-19T12:30:19","slug":"oravareitin-melontakausi-2025-lahenee","status":"publish","type":"post","link":"https:\/\/www.oravareitti.fi\/en\/ajankohtaista\/oravareitin-melontakausi-2025-lahenee\/","title":{"rendered":"Oravareitin melontakausi 2025 l\u00e4henee!"},"content":{"rendered":"<p>Kev\u00e4taurinko l\u00e4mmitt\u00e4\u00e4 jo mukavasti ja Etel\u00e4-Savossa koetaan pian kev\u00e4\u00e4n ensimm\u00e4inen, etel\u00e4tuulinen viikonloppu! <\/p>\n\n\n\n<p>Oravareitin melontakauden alku h\u00e4\u00e4m\u00f6tt\u00e4\u00e4 jo horisontissa, joten ota seurantaan paitsi t\u00e4m\u00e4 sivu, my\u00f6s Oravareitin Facebook- ja Instagram-kanavat, sill\u00e4 niihin p\u00e4ivitet\u00e4\u00e4n tuoreimmat uutiset reitin kev\u00e4tt\u00f6iden etenemisest\u00e4 ja melontakauden alkamisesta. <\/p>\n\n\n\n<p>Onko melontasuunnitelmat jo tehty? <\/p>\n\n\n\n<p><\/p>","protected":false},"excerpt":{"rendered":"<p>Kev\u00e4taurinko l\u00e4mmitt\u00e4\u00e4 jo mukavasti ja Etel\u00e4-Savossa koetaan pian kev\u00e4\u00e4n ensimm\u00e4inen, etel\u00e4tuulinen viikonloppu! Oravareitin melontakauden alku h\u00e4\u00e4m\u00f6tt\u00e4\u00e4 jo horisontissa, joten ota seurantaan paitsi t\u00e4m\u00e4 sivu, my\u00f6s Oravareitin Facebook- ja Instagram-kanavat, sill\u00e4 niihin p\u00e4ivitet\u00e4\u00e4n tuoreimmat uutiset reitin kev\u00e4tt\u00f6iden etenemisest\u00e4 ja melontakauden alkamisesta. Onko melontasuunnitelmat jo tehty?<\/p>","protected":false},"author":5,"featured_media":1462,"comment_status":"closed","ping_status":"open","sticky":false,"template":"","format":"standard","meta":{"footnotes":""},"categories":[13],"tags":[],"class_list":["post-1458","post","type-post","status-publish","format-standard","has-post-thumbnail","hentry","category-ajankohtaista"],"blocksy_meta":[],"_links":{"self":[{"href":"https:\/\/www.oravareitti.fi\/en\/wp-json\/wp\/v2\/posts\/1458","targetHints":{"allow":["GET"]}}],"collection":[{"href":"https:\/\/www.oravareitti.fi\/en\/wp-json\/wp\/v2\/posts"}],"about":[{"href":"https:\/\/www.oravareitti.fi\/en\/wp-json\/wp\/v2\/types\/post"}],"author":[{"embeddable":true,"href":"https:\/\/www.oravareitti.fi\/en\/wp-json\/wp\/v2\/users\/5"}],"replies":[{"embeddable":true,"href":"https:\/\/www.oravareitti.fi\/en\/wp-json\/wp\/v2\/comments?post=1458"}],"version-history":[{"count":3,"href":"https:\/\/www.oravareitti.fi\/en\/wp-json\/wp\/v2\/posts\/1458\/revisions"}],"predecessor-version":[{"id":1463,"href":"https:\/\/www.oravareitti.fi\/en\/wp-json\/wp\/v2\/posts\/1458\/revisions\/1463"}],"wp:featuredmedia":[{"embeddable":true,"href":"https:\/\/www.oravareitti.fi\/en\/wp-json\/wp\/v2\/media\/1462"}],"wp:attachment":[{"href":"https:\/\/www.oravareitti.fi\/en\/wp-json\/wp\/v2\/media?parent=1458"}],"wp:term":[{"taxonomy":"category","embeddable":true,"href":"https:\/\/www.oravareitti.fi\/en\/wp-json\/wp\/v2\/categories?post=1458"},{"taxonomy":"post_tag","embeddable":true,"href":"https:\/\/www.oravareitti.fi\/en\/wp-json\/wp\/v2\/tags?post=1458"}],"curies":[{"name":"wp","href":"https:\/\/api.w.org\/{rel}","templated":true}]}}